{"id":919,"date":"2020-03-17T17:34:47","date_gmt":"2020-03-17T16:34:47","guid":{"rendered":"http:\/\/www.iocentro.it\/?p=919"},"modified":"2020-06-03T16:45:59","modified_gmt":"2020-06-03T14:45:59","slug":"sospensione-attivita-emergenza-covid-19","status":"publish","type":"post","link":"https:\/\/www.iocentro.it\/index.php\/2020\/03\/17\/sospensione-attivita-emergenza-covid-19\/","title":{"rendered":"Sospensione attivit\u00e0 Emergenza COVID-19"},"content":{"rendered":"\n<p>A seguito delle normative emanate nelle scorse settimane e, in particolare, facendo seguito al <strong><a href=\"https:\/\/www.gazzettaufficiale.it\/atto\/serie_generale\/caricaDettaglioAtto\/originario?atto.dataPubblicazioneGazzetta=2020-04-11&amp;atto.codiceRedazionale=20A02179&amp;elenco30giorni=true\">DECRETO DEL PRESIDENTE DEL CONSIGLIO DEI MINISTRI del 10 aprile 2020<\/a><\/strong> e all\u2019<strong><a href=\"http:\/\/www.regione.lazio.it\/rl\/bandi-cultura\/wp-content\/uploads\/sites\/51\/2020\/03\/Ordinanza-Z00008-13-03-2020.pdf\">Ordinanza della Regione Lazio N. Z00008\u00a0 del 13\/03\/2020<\/a> \u00a0\u2013 Ulteriori misure per la prevenzione e gestione dell\u2019emergenza epidemiologica da COVID-2019 &#8211;<\/strong> la Struttura, dopo attenta valutazione,  procede alla <strong>sospensione dell\u2019attivit\u00e0 semi-residenziale e di consultazione clinica<\/strong>.<\/p>\n\n\n\n<p>Sono garantiti le modalit\u00e0 di assistenza a distanza dei pazienti in carico e  il lavoro amministrativo in modalit\u00e0 smart working. <\/p>\n\n\n\n<p>Non\npossiamo invece garantire risposte tempestive a comunicazioni inviate tramite\nposta tradizionale o tramite fax.<\/p>\n\n\n\n<p>Rimaniamo a disposizione per info e aggiornamenti tramite <\/p>\n\n\n\n<ul><li>mail: ilcentroonlus@gmail.com; info@pec.iocentro.it; <\/li><li>tel: 3474728757 (ore 9\/18)<\/li><\/ul>\n\n\n\n<p>seguiteci su facebook : <a href=\"https:\/\/www.facebook.com\/864253573610835\/\">https:\/\/www.facebook.com\/864253573610835\/<\/a><\/p>\n\n\n","protected":false},"excerpt":{"rendered":"<p>A seguito delle normative emanate nelle scorse settimane e, in particolare, facendo seguito al DECRETO DEL PRESIDENTE DEL CONSIGLIO DEI MINISTRI del 10 aprile 2020 e all\u2019Ordinanza della Regione Lazio N. Z00008\u00a0 del 13\/03\/2020&#46;&#46;&#46;<\/p>\n","protected":false},"author":4,"featured_media":4,"comment_status":"open","ping_status":"open","sticky":true,"template":"","format":"standard","meta":{"jetpack_post_was_ever_published":false,"jetpack_publicize_message":"","jetpack_is_tweetstorm":false,"jetpack_publicize_feature_enabled":true,"jetpack_social_post_already_shared":true,"jetpack_social_options":[]},"categories":[41,52,44],"tags":[],"jetpack_publicize_connections":[],"yoast_head":"<!-- This site is optimized with the Yoast SEO plugin v20.4 - https:\/\/yoast.com\/wordpress\/plugins\/seo\/ -->\r\n<title>Sospensione attivit\u00e0 Emergenza COVID-19 - IO CENTRO ETS<\/title>\r\n<meta name=\"robots\" content=\"index, follow, max-snippet:-1, max-image-preview:large, max-video-preview:-1\" \/>\r\n<link rel=\"canonical\" href=\"https:\/\/www.iocentro.it\/index.php\/2020\/03\/17\/sospensione-attivita-emergenza-covid-19\/\" \/>\r\n<meta property=\"og:locale\" content=\"it_IT\" \/>\r\n<meta property=\"og:type\" content=\"article\" \/>\r\n<meta property=\"og:title\" content=\"Sospensione attivit\u00e0 Emergenza COVID-19 - IO CENTRO ETS\" \/>\r\n<meta property=\"og:description\" content=\"A seguito delle normative emanate nelle scorse settimane e, in particolare, facendo seguito al DECRETO DEL PRESIDENTE DEL CONSIGLIO DEI MINISTRI del 10 aprile 2020 e all\u2019Ordinanza della Regione Lazio N. Z00008\u00a0 del 13\/03\/2020&#046;&#046;&#046;\" \/>\r\n<meta property=\"og:url\" content=\"https:\/\/www.iocentro.it\/index.php\/2020\/03\/17\/sospensione-attivita-emergenza-covid-19\/\" \/>\r\n<meta property=\"og:site_name\" content=\"IO CENTRO ETS\" \/>\r\n<meta property=\"article:published_time\" content=\"2020-03-17T16:34:47+00:00\" \/>\r\n<meta property=\"article:modified_time\" content=\"2020-06-03T14:45:59+00:00\" \/>\r\n<meta property=\"og:image\" content=\"https:\/\/www.iocentro.it\/wp-content\/uploads\/2016\/11\/11752500_864253846944141_6257452516392300229_n.jpg\" \/>\r\n\t<meta property=\"og:image:width\" content=\"200\" \/>\r\n\t<meta property=\"og:image:height\" content=\"200\" \/>\r\n\t<meta property=\"og:image:type\" content=\"image\/jpeg\" \/>\r\n<meta name=\"author\" content=\"Paola\" \/>\r\n<meta name=\"twitter:card\" content=\"summary_large_image\" \/>\r\n<meta name=\"twitter:label1\" content=\"Scritto da\" \/>\n\t<meta name=\"twitter:data1\" content=\"\" \/>\n\t<meta name=\"twitter:label2\" content=\"Tempo di lettura stimato\" \/>\n\t<meta name=\"twitter:data2\" content=\"1 minuto\" \/>\r\n<script type=\"application\/ld+json\" class=\"yoast-schema-graph\">{\"@context\":\"https:\/\/schema.org\",\"@graph\":[{\"@type\":\"Article\",\"@id\":\"https:\/\/www.iocentro.it\/index.php\/2020\/03\/17\/sospensione-attivita-emergenza-covid-19\/#article\",\"isPartOf\":{\"@id\":\"https:\/\/www.iocentro.it\/index.php\/2020\/03\/17\/sospensione-attivita-emergenza-covid-19\/\"},\"author\":{\"name\":\"Paola\",\"@id\":\"https:\/\/www.iocentro.it\/#\/schema\/person\/6011f72fd78ddb4b2ddb50dd1001d8ee\"},\"headline\":\"Sospensione attivit\u00e0 Emergenza COVID-19\",\"datePublished\":\"2020-03-17T16:34:47+00:00\",\"dateModified\":\"2020-06-03T14:45:59+00:00\",\"mainEntityOfPage\":{\"@id\":\"https:\/\/www.iocentro.it\/index.php\/2020\/03\/17\/sospensione-attivita-emergenza-covid-19\/\"},\"wordCount\":124,\"commentCount\":0,\"publisher\":{\"@id\":\"https:\/\/www.iocentro.it\/#organization\"},\"articleSection\":[\"Articoli\",\"Comunit\u00e0 Terapeutica\",\"Eventi\"],\"inLanguage\":\"it-IT\",\"potentialAction\":[{\"@type\":\"CommentAction\",\"name\":\"Comment\",\"target\":[\"https:\/\/www.iocentro.it\/index.php\/2020\/03\/17\/sospensione-attivita-emergenza-covid-19\/#respond\"]}]},{\"@type\":\"WebPage\",\"@id\":\"https:\/\/www.iocentro.it\/index.php\/2020\/03\/17\/sospensione-attivita-emergenza-covid-19\/\",\"url\":\"https:\/\/www.iocentro.it\/index.php\/2020\/03\/17\/sospensione-attivita-emergenza-covid-19\/\",\"name\":\"Sospensione attivit\u00e0 Emergenza COVID-19 - IO CENTRO ETS\",\"isPartOf\":{\"@id\":\"https:\/\/www.iocentro.it\/#website\"},\"datePublished\":\"2020-03-17T16:34:47+00:00\",\"dateModified\":\"2020-06-03T14:45:59+00:00\",\"breadcrumb\":{\"@id\":\"https:\/\/www.iocentro.it\/index.php\/2020\/03\/17\/sospensione-attivita-emergenza-covid-19\/#breadcrumb\"},\"inLanguage\":\"it-IT\",\"potentialAction\":[{\"@type\":\"ReadAction\",\"target\":[\"https:\/\/www.iocentro.it\/index.php\/2020\/03\/17\/sospensione-attivita-emergenza-covid-19\/\"]}]},{\"@type\":\"BreadcrumbList\",\"@id\":\"https:\/\/www.iocentro.it\/index.php\/2020\/03\/17\/sospensione-attivita-emergenza-covid-19\/#breadcrumb\",\"itemListElement\":[{\"@type\":\"ListItem\",\"position\":1,\"name\":\"Home\",\"item\":\"https:\/\/www.iocentro.it\/\"},{\"@type\":\"ListItem\",\"position\":2,\"name\":\"Sospensione attivit\u00e0 Emergenza COVID-19\"}]},{\"@type\":\"WebSite\",\"@id\":\"https:\/\/www.iocentro.it\/#website\",\"url\":\"https:\/\/www.iocentro.it\/\",\"name\":\"IO CENTRO ETS\",\"description\":\"\",\"publisher\":{\"@id\":\"https:\/\/www.iocentro.it\/#organization\"},\"potentialAction\":[{\"@type\":\"SearchAction\",\"target\":{\"@type\":\"EntryPoint\",\"urlTemplate\":\"https:\/\/www.iocentro.it\/?s={search_term_string}\"},\"query-input\":\"required name=search_term_string\"}],\"inLanguage\":\"it-IT\"},{\"@type\":\"Organization\",\"@id\":\"https:\/\/www.iocentro.it\/#organization\",\"name\":\"Il Centro Onlus\",\"url\":\"https:\/\/www.iocentro.it\/\",\"logo\":{\"@type\":\"ImageObject\",\"inLanguage\":\"it-IT\",\"@id\":\"https:\/\/www.iocentro.it\/#\/schema\/logo\/image\/\",\"url\":\"https:\/\/i0.wp.com\/www.iocentro.it\/wp-content\/uploads\/2016\/11\/11752500_864253846944141_6257452516392300229_n.jpg?fit=200%2C200&ssl=1\",\"contentUrl\":\"https:\/\/i0.wp.com\/www.iocentro.it\/wp-content\/uploads\/2016\/11\/11752500_864253846944141_6257452516392300229_n.jpg?fit=200%2C200&ssl=1\",\"width\":200,\"height\":200,\"caption\":\"Il Centro Onlus\"},\"image\":{\"@id\":\"https:\/\/www.iocentro.it\/#\/schema\/logo\/image\/\"}},{\"@type\":\"Person\",\"@id\":\"https:\/\/www.iocentro.it\/#\/schema\/person\/6011f72fd78ddb4b2ddb50dd1001d8ee\",\"name\":\"Paola\",\"image\":{\"@type\":\"ImageObject\",\"inLanguage\":\"it-IT\",\"@id\":\"https:\/\/www.iocentro.it\/#\/schema\/person\/image\/\",\"url\":\"https:\/\/secure.gravatar.com\/avatar\/5fd8a7a8e8f3669a48133267c64a000f?s=96&d=mm&r=g\",\"contentUrl\":\"https:\/\/secure.gravatar.com\/avatar\/5fd8a7a8e8f3669a48133267c64a000f?s=96&d=mm&r=g\",\"caption\":\"Paola\"},\"url\":\"https:\/\/www.iocentro.it\/index.php\/author\/paola\/\"}]}<\/script>\r\n<!-- \/ Yoast SEO plugin. -->","yoast_head_json":{"title":"Sospensione attivit\u00e0 Emergenza COVID-19 - IO CENTRO ETS","robots":{"index":"index","follow":"follow","max-snippet":"max-snippet:-1","max-image-preview":"max-image-preview:large","max-video-preview":"max-video-preview:-1"},"canonical":"https:\/\/www.iocentro.it\/index.php\/2020\/03\/17\/sospensione-attivita-emergenza-covid-19\/","og_locale":"it_IT","og_type":"article","og_title":"Sospensione attivit\u00e0 Emergenza COVID-19 - IO CENTRO ETS","og_description":"A seguito delle normative emanate nelle scorse settimane e, in particolare, facendo seguito al DECRETO DEL PRESIDENTE DEL CONSIGLIO DEI MINISTRI del 10 aprile 2020 e all\u2019Ordinanza della Regione Lazio N. Z00008\u00a0 del 13\/03\/2020&#46;&#46;&#46;","og_url":"https:\/\/www.iocentro.it\/index.php\/2020\/03\/17\/sospensione-attivita-emergenza-covid-19\/","og_site_name":"IO CENTRO ETS","article_published_time":"2020-03-17T16:34:47+00:00","article_modified_time":"2020-06-03T14:45:59+00:00","og_image":[{"width":200,"height":200,"url":"https:\/\/www.iocentro.it\/wp-content\/uploads\/2016\/11\/11752500_864253846944141_6257452516392300229_n.jpg","type":"image\/jpeg"}],"author":"Paola","twitter_card":"summary_large_image","twitter_misc":{"Scritto da":false,"Tempo di lettura stimato":"1 minuto"},"schema":{"@context":"https:\/\/schema.org","@graph":[{"@type":"Article","@id":"https:\/\/www.iocentro.it\/index.php\/2020\/03\/17\/sospensione-attivita-emergenza-covid-19\/#article","isPartOf":{"@id":"https:\/\/www.iocentro.it\/index.php\/2020\/03\/17\/sospensione-attivita-emergenza-covid-19\/"},"author":{"name":"Paola","@id":"https:\/\/www.iocentro.it\/#\/schema\/person\/6011f72fd78ddb4b2ddb50dd1001d8ee"},"headline":"Sospensione attivit\u00e0 Emergenza COVID-19","datePublished":"2020-03-17T16:34:47+00:00","dateModified":"2020-06-03T14:45:59+00:00","mainEntityOfPage":{"@id":"https:\/\/www.iocentro.it\/index.php\/2020\/03\/17\/sospensione-attivita-emergenza-covid-19\/"},"wordCount":124,"commentCount":0,"publisher":{"@id":"https:\/\/www.iocentro.it\/#organization"},"articleSection":["Articoli","Comunit\u00e0 Terapeutica","Eventi"],"inLanguage":"it-IT","potentialAction":[{"@type":"CommentAction","name":"Comment","target":["https:\/\/www.iocentro.it\/index.php\/2020\/03\/17\/sospensione-attivita-emergenza-covid-19\/#respond"]}]},{"@type":"WebPage","@id":"https:\/\/www.iocentro.it\/index.php\/2020\/03\/17\/sospensione-attivita-emergenza-covid-19\/","url":"https:\/\/www.iocentro.it\/index.php\/2020\/03\/17\/sospensione-attivita-emergenza-covid-19\/","name":"Sospensione attivit\u00e0 Emergenza COVID-19 - IO CENTRO ETS","isPartOf":{"@id":"https:\/\/www.iocentro.it\/#website"},"datePublished":"2020-03-17T16:34:47+00:00","dateModified":"2020-06-03T14:45:59+00:00","breadcrumb":{"@id":"https:\/\/www.iocentro.it\/index.php\/2020\/03\/17\/sospensione-attivita-emergenza-covid-19\/#breadcrumb"},"inLanguage":"it-IT","potentialAction":[{"@type":"ReadAction","target":["https:\/\/www.iocentro.it\/index.php\/2020\/03\/17\/sospensione-attivita-emergenza-covid-19\/"]}]},{"@type":"BreadcrumbList","@id":"https:\/\/www.iocentro.it\/index.php\/2020\/03\/17\/sospensione-attivita-emergenza-covid-19\/#breadcrumb","itemListElement":[{"@type":"ListItem","position":1,"name":"Home","item":"https:\/\/www.iocentro.it\/"},{"@type":"ListItem","position":2,"name":"Sospensione attivit\u00e0 Emergenza COVID-19"}]},{"@type":"WebSite","@id":"https:\/\/www.iocentro.it\/#website","url":"https:\/\/www.iocentro.it\/","name":"IO CENTRO ETS","description":"","publisher":{"@id":"https:\/\/www.iocentro.it\/#organization"},"potentialAction":[{"@type":"SearchAction","target":{"@type":"EntryPoint","urlTemplate":"https:\/\/www.iocentro.it\/?s={search_term_string}"},"query-input":"required name=search_term_string"}],"inLanguage":"it-IT"},{"@type":"Organization","@id":"https:\/\/www.iocentro.it\/#organization","name":"Il Centro Onlus","url":"https:\/\/www.iocentro.it\/","logo":{"@type":"ImageObject","inLanguage":"it-IT","@id":"https:\/\/www.iocentro.it\/#\/schema\/logo\/image\/","url":"https:\/\/i0.wp.com\/www.iocentro.it\/wp-content\/uploads\/2016\/11\/11752500_864253846944141_6257452516392300229_n.jpg?fit=200%2C200&ssl=1","contentUrl":"https:\/\/i0.wp.com\/www.iocentro.it\/wp-content\/uploads\/2016\/11\/11752500_864253846944141_6257452516392300229_n.jpg?fit=200%2C200&ssl=1","width":200,"height":200,"caption":"Il Centro Onlus"},"image":{"@id":"https:\/\/www.iocentro.it\/#\/schema\/logo\/image\/"}},{"@type":"Person","@id":"https:\/\/www.iocentro.it\/#\/schema\/person\/6011f72fd78ddb4b2ddb50dd1001d8ee","name":"Paola","image":{"@type":"ImageObject","inLanguage":"it-IT","@id":"https:\/\/www.iocentro.it\/#\/schema\/person\/image\/","url":"https:\/\/secure.gravatar.com\/avatar\/5fd8a7a8e8f3669a48133267c64a000f?s=96&d=mm&r=g","contentUrl":"https:\/\/secure.gravatar.com\/avatar\/5fd8a7a8e8f3669a48133267c64a000f?s=96&d=mm&r=g","caption":"Paola"},"url":"https:\/\/www.iocentro.it\/index.php\/author\/paola\/"}]}},"jetpack_featured_media_url":"https:\/\/i0.wp.com\/www.iocentro.it\/wp-content\/uploads\/2016\/11\/11752500_864253846944141_6257452516392300229_n.jpg?fit=200%2C200&ssl=1","jetpack_sharing_enabled":true,"jetpack_shortlink":"https:\/\/wp.me\/p8kDNl-eP","jetpack-related-posts":[{"id":824,"url":"https:\/\/www.iocentro.it\/index.php\/2019\/05\/22\/tossicodipendenze-quale-prevenzione\/","url_meta":{"origin":919,"position":0},"title":"Tossicodipendenze: quale prevenzione?","date":false,"format":false,"excerpt":"a cura della Dr.ssa Giada Bertone Con il termine tossicodipendenze si intendono tutte quelle dipendenze provocate da sostanze stupefacenti, o meglio, provocate dagli effetti che le sostanze stupefacenti hanno sull\u2019individuo. Non si diventa, infatti, dipendenti dalla sostanza, sia essa cocaina, eroina o cannabis, ma dall\u2019effetto che la sostanza stessa ha\u2026","rel":"","context":"In &quot;Prevenzione &amp; Cura&quot;","img":{"alt_text":"","src":"https:\/\/i0.wp.com\/www.iocentro.it\/wp-content\/uploads\/2019\/05\/42622163_481229075707626_3902484450412039096_n.jpg?fit=640%2C640&ssl=1&resize=350%2C200","width":350,"height":200},"classes":[]},{"id":301,"url":"https:\/\/www.iocentro.it\/index.php\/2017\/05\/10\/lsd\/","url_meta":{"origin":919,"position":1},"title":"La testa piena di mostri","date":false,"format":false,"excerpt":"di Valeria Campinoti All\u2019et\u00e0 di 16 anni mi fecero conoscere una droga di cui ho abusato per oltre tre anni: l\u2019LSD. Ci\u00f2 di cui ero inconsapevole era il fatto che l\u2019LSD \u00e8 il pi\u00f9 potente allucinogeno conosciuto dall\u2019uomo. Con il termine allucinogeno si fa riferimento a quell\u2019insieme di sostanze, che\u2026","rel":"","context":"In &quot;Articoli&quot;","img":{"alt_text":"","src":"https:\/\/i0.wp.com\/www.iocentro.it\/wp-content\/uploads\/2017\/05\/hXukPt.jpeg?fit=1200%2C675&ssl=1&resize=350%2C200","width":350,"height":200},"classes":[]},{"id":246,"url":"https:\/\/www.iocentro.it\/index.php\/2017\/05\/09\/cocaina\/","url_meta":{"origin":919,"position":2},"title":"Bianca come la neve","date":false,"format":false,"excerpt":"Di Valeria Campinoti If you wanna hang out, you've gotta take her out; Cocaine. La cocaina si ottiene dal trattamento delle foglie di coca, che vengono prodotte da una pianta che cresce spontaneamente in natura, soprattutto nelle zone dell\u2019America Centrale e Meridionale. Dal 1970 in poi, la cocaina si diffonder\u00e0\u2026","rel":"","context":"In &quot;Articoli&quot;","img":{"alt_text":"","src":"https:\/\/i0.wp.com\/www.iocentro.it\/wp-content\/uploads\/2017\/05\/cocaine-11.jpg?fit=1200%2C800&ssl=1&resize=350%2C200","width":350,"height":200},"classes":[]},{"id":233,"url":"https:\/\/www.iocentro.it\/index.php\/2017\/05\/09\/alcool\/","url_meta":{"origin":919,"position":3},"title":"Il paradosso dell&#8217;alcool","date":false,"format":false,"excerpt":"Di Valeria Campinoti \u00a0 L\u2019OMS classifica l\u2019alcool fra le droghe. \u00c8 una droga giuridicamente legale, ma \u00e8 una sostanza molto tossica per la cellula epatica ed \u00e8 causa di una dipendenza il cui grado \u00e8 superiore rispetto alle droghe pi\u00f9 conosciute. L\u2019alcool \u00e8 in grado di modificare il funzionamento del\u2026","rel":"","context":"In &quot;Articoli&quot;","img":{"alt_text":"","src":"https:\/\/i0.wp.com\/www.iocentro.it\/wp-content\/uploads\/2017\/05\/plpromo-liquor-bottles-8662cb212c980cde.jpg?fit=1200%2C923&ssl=1&resize=350%2C200","width":350,"height":200},"classes":[]},{"id":244,"url":"https:\/\/www.iocentro.it\/index.php\/2017\/05\/09\/storia\/","url_meta":{"origin":919,"position":4},"title":"Assuefatti","date":false,"format":false,"excerpt":"Le droghe di ieri, le droghe di oggi Di Valeria Campinoti Il termine dipendenza deriva dal verbo latino dependere, il cui significato \u00e8 \u201cessere appeso, essere legato a qualcosa\u201d: il soggetto risulta essere appunto appeso, o legato, alla sostanza di cui fa uso, tanto da non essere in grado di\u2026","rel":"","context":"In &quot;Articoli&quot;","img":{"alt_text":"","src":"https:\/\/i0.wp.com\/www.iocentro.it\/wp-content\/uploads\/2017\/05\/Clarity-Way-Difference-Between-Methamphetamine-and-Amphetamines.jpg?fit=1200%2C700&ssl=1&resize=350%2C200","width":350,"height":200},"classes":[]},{"id":274,"url":"https:\/\/www.iocentro.it\/index.php\/2017\/05\/10\/anfetamine\/","url_meta":{"origin":919,"position":5},"title":"Anfetamine e Metanfetamine","date":false,"format":false,"excerpt":"di Valeria Campinoti \u00a0 Le anfetamine e le metanfetamine sono stimolanti del sistema nervoso centrale. Delle due, le anfetamine sono le sostanze di gran lunga pi\u00f9 diffuse in Europa. Si tratta di sostanze sintetiche che agiscono come stimolanti del Sistema Nervoso Centrale. Si presentano generalmente sotto forma di polvere bianca\u2026","rel":"","context":"In &quot;Articoli&quot;","img":{"alt_text":"","src":"https:\/\/i0.wp.com\/www.iocentro.it\/wp-content\/uploads\/2017\/05\/Meth2.jpg?fit=1200%2C552&ssl=1&resize=350%2C200","width":350,"height":200},"classes":[]}],"_links":{"self":[{"href":"https:\/\/www.iocentro.it\/index.php\/wp-json\/wp\/v2\/posts\/919"}],"collection":[{"href":"https:\/\/www.iocentro.it\/index.php\/wp-json\/wp\/v2\/posts"}],"about":[{"href":"https:\/\/www.iocentro.it\/index.php\/wp-json\/wp\/v2\/types\/post"}],"author":[{"embeddable":true,"href":"https:\/\/www.iocentro.it\/index.php\/wp-json\/wp\/v2\/users\/4"}],"replies":[{"embeddable":true,"href":"https:\/\/www.iocentro.it\/index.php\/wp-json\/wp\/v2\/comments?post=919"}],"version-history":[{"count":3,"href":"https:\/\/www.iocentro.it\/index.php\/wp-json\/wp\/v2\/posts\/919\/revisions"}],"predecessor-version":[{"id":926,"href":"https:\/\/www.iocentro.it\/index.php\/wp-json\/wp\/v2\/posts\/919\/revisions\/926"}],"wp:featuredmedia":[{"embeddable":true,"href":"https:\/\/www.iocentro.it\/index.php\/wp-json\/wp\/v2\/media\/4"}],"wp:attachment":[{"href":"https:\/\/www.iocentro.it\/index.php\/wp-json\/wp\/v2\/media?parent=919"}],"wp:term":[{"taxonomy":"category","embeddable":true,"href":"https:\/\/www.iocentro.it\/index.php\/wp-json\/wp\/v2\/categories?post=919"},{"taxonomy":"post_tag","embeddable":true,"href":"https:\/\/www.iocentro.it\/index.php\/wp-json\/wp\/v2\/tags?post=919"}],"curies":[{"name":"wp","href":"https:\/\/api.w.org\/{rel}","templated":true}]}}